{"id":3350,"date":"2022-02-13T17:18:27","date_gmt":"2022-02-13T16:18:27","guid":{"rendered":"http:\/\/lavocedicorsano.it\/?p=3350"},"modified":"2022-02-14T17:25:51","modified_gmt":"2022-02-14T16:25:51","slug":"%f0%9d%90%88%f0%9d%90%8b-%f0%9d%90%82%f0%9d%90%80%f0%9d%90%92%f0%9d%90%93%f0%9d%90%84%f0%9d%90%8b%f0%9d%90%8b%f0%9d%90%8e-%f0%9d%90%92%f0%9d%90%95%f0%9d%90%84%f0%9d%90%95%f0%9d%90%8e-%f0%9d%90%83","status":"publish","type":"post","link":"http:\/\/lavocedicorsano.it\/?p=3350","title":{"rendered":"\ud835\udc08\ud835\udc0b \ud835\udc02\ud835\udc00\ud835\udc12\ud835\udc13\ud835\udc04\ud835\udc0b\ud835\udc0b\ud835\udc0e \ud835\udc12\ud835\udc15\ud835\udc04\ud835\udc15\ud835\udc0e \ud835\udc03\ud835\udc08 \ud835\udc02\ud835\udc0e\ud835\udc11\ud835\udc12\ud835\udc00\ud835\udc0d\ud835\udc0e \ud835\udc13\ud835\udc11\ud835\udc00 \ud835\udc05\ud835\udc04\ud835\udc03\ud835\udc04\ud835\udc11\ud835\udc08\ud835\udc02\ud835\udc0e \ud835\udc08\ud835\udc08 \ud835\udc04 \ud835\udc08\ud835\udc0b \ud835\udc0f\ud835\udc11\ud835\udc08\ud835\udc0d\ud835\udc02\ud835\udc08\ud835\udc0f\ud835\udc04 \ud835\udc0c\ud835\udc00\ud835\udc0d\ud835\udc05\ud835\udc11\ud835\udc04\ud835\udc03\ud835\udc08"},"content":{"rendered":"<div class=\"cxmmr5t8 oygrvhab hcukyx3x c1et5uql o9v6fnle ii04i59q\">\n<div dir=\"auto\"><img loading=\"lazy\" class=\"alignnone wp-image-3351 size-medium\" src=\"http:\/\/lavocedicorsano.it\/wp-content\/uploads\/2022\/02\/Castello_corsano-300x297.jpg\" alt=\"\" width=\"300\" height=\"297\" srcset=\"http:\/\/lavocedicorsano.it\/wp-content\/uploads\/2022\/02\/Castello_corsano-300x297.jpg 300w, http:\/\/lavocedicorsano.it\/wp-content\/uploads\/2022\/02\/Castello_corsano-150x150.jpg 150w, http:\/\/lavocedicorsano.it\/wp-content\/uploads\/2022\/02\/Castello_corsano.jpg 677w\" sizes=\"(max-width: 300px) 100vw, 300px\" \/>La recentissima notizia del Decreto ministeriale con cui il Dicastero della Cultura si \u00e8 espresso in modo favorevole sulla pubblica utilit\u00e0 dell&#8217;espropriazione del palazzo feudale di Corsano, imprimendo in tal modo un&#8217;accelerazione sull&#8217;iter dell&#8217;acquisizione pubblica, mi fornisce un comodo assist per accennare alle notizie antiche del castello del paese che era gi\u00e0 esistente durante la cosiddetta &#8220;\ud835\ude33\ud835\ude2a\ud835\ude37\ud835\ude30\ud835\ude2d\ud835\ude35\ud835\ude22 \ud835\ude25\ud835\ude2a \ud835\ude0a\ud835\ude30\ud835\ude33\ud835\ude34\ud835\ude22\ud835\ude2f\ud835\ude30&#8221; del 1318.<\/div>\n<div dir=\"auto\">In quella sede il Signore si era rifugiato al suo interno con famiglia e corte, mandando ai contadini esagitati una delle sue ancelle, senza sapere che l&#8217;avrebbe condannata a morte certa.<\/div>\n<\/div>\n<div class=\"cxmmr5t8 oygrvhab hcukyx3x c1et5uql o9v6fnle ii04i59q\">\n<div dir=\"auto\">Una nuova nota retrodata di quasi un secolo la presenza del castello. Ragionevole motivo ce lo fornisce il L\u026a\u0299\u1d07\u0280 I\u0274\u01eb\u1d1c\u026as\u026a\u1d1b\u026a\u1d0f\u0274\u1d1c\u1d0d \u1d18\u0280\u1d0f F\u1d07\u1d1c\u1d05\u1d00\u1d1b\u1d00\u0280\u026a\u026as R\u1d07\u0262\u0274\u026a di re Carlo, dove \u00e8 riportato un lungo elenco di Signori feudali reintegrati dal sovrano angioino nei propri feudi.<\/div>\n<div dir=\"auto\">La morte dell&#8217;imperatore \ud835\ude0d\ud835\ude26\ud835\ude25\ud835\ude26\ud835\ude33\ud835\ude2a\ud835\ude24\ud835\ude30 \ud835\ude10\ud835\ude10 \ud835\ude25\ud835\ude2a \ud835\ude1a\ud835\ude37\ud835\ude26\ud835\ude37\ud835\ude2a\ud835\ude22 aveva dato di fatto il regno dal 1250 in mano al figlio \ud835\ude14\ud835\ude22\ud835\ude2f\ud835\ude27\ud835\ude33\ud835\ude26\ud835\ude25\ud835\ude2a che in un primo momento ne assunse la reggenza e poi la corona fino alla battaglia di Benevento del 1266.<\/div>\n<\/div>\n<div class=\"cxmmr5t8 oygrvhab hcukyx3x c1et5uql o9v6fnle ii04i59q\">\n<div dir=\"auto\">Il principe dovette far fronte alla difficile situazione interna sfociata nelle molteplici ribellioni scoppiate in tutto il reame, in particolar modo in Campania e Puglia, dove i feudatari e la classe urbana, sostenuti da papa Innocenzo IV, chiedevano maggiore indipendenza allo stringente centralismo monarchico. In quella sede Manfredi trov\u00f2 una soluzione al problema sostituendo numerosi feudali nominati in precedenza dal padre Federico.<\/div>\n<div dir=\"auto\">\u00c8 il caso del \ud835\ude25\ud835\ude30\ud835\ude2e\ud835\ude2a\ud835\ude2f\ud835\ude36\ud835\ude34 \ud835\ude14\ud835\ude22\ud835\ude35\ud835\ude35\ud835\ude26\ud835\ude30 \ud835\ude25\ud835\ude26 \ud835\ude1b\ud835\ude30\ud835\ude24\ud835\ude24\ud835\ude30 che dall&#8217;imperatore aveva ottenuto feudi e castelli tra beneventano e Terra d&#8217;Otranto.<\/div>\n<\/div>\n<div class=\"cxmmr5t8 oygrvhab hcukyx3x c1et5uql o9v6fnle ii04i59q\">\n<div dir=\"auto\">Carlo d&#8217;Angi\u00f2 reintegr\u00f2 quasi tutti i dominus nel possesso dei propri feudi dato che, per ovvie ragioni, non si erano solo dimostrati avversi a Manfredi ma anche solidali al nuovo corso francese.<\/div>\n<div dir=\"auto\">A Matteo de Tocco tra gli altri \ud835\ude5b\ud835\ude6a\ud835\ude5e\ud835\ude69 \ud835\ude67\ud835\ude5a\ud835\ude68\ud835\ude69\ud835\ude5e\ud835\ude69\ud835\ude6a\ud835\ude69\ud835\ude6a\ud835\ude62 \ud835\ude58\ud835\ude56\ud835\ude68\ud835\ude69\ud835\ude67\ud835\ude6a\ud835\ude62 \ud835\ude3e\ud835\ude6a\ud835\ude67\ud835\ude68\ud835\ude56\ud835\ude63\ud835\ude5e che il principe svevo Manfredi gli aveva tolto per darlo al fidato \ud835\ude25\ud835\ude30\ud835\ude2e\ud835\ude2a\ud835\ude2f\ud835\ude36\ud835\ude34 \ud835\ude15\ud835\ude2a\ud835\ude24\ud835\ude30\ud835\ude2d\ud835\ude22\ud835\ude36\ud835\ude34 \ud835\ude25\ud835\ude26 \ud835\ude1a\ud835\ude2a\ud835\ude33\ud835\ude2a\ud835\ude2f\ud835\ude30.<\/div>\n<\/div>\n<div class=\"cxmmr5t8 oygrvhab hcukyx3x c1et5uql o9v6fnle ii04i59q\">\n<div dir=\"auto\">\u00c8 questa al momento la pi\u00f9 antica notizia sulla fortificazione di Corsano, presente gi\u00e0 durante l&#8217;esistenza terrena del \ud835\ude17\ud835\ude36\ud835\ude26\ud835\ude33 \ud835\ude08\ud835\ude31\ud835\ude36\ud835\ude2d\ud835\ude2a\ud835\ude22\ud835\ude26.<\/div>\n<div dir=\"auto\">Con l&#8217;auspicio che il castello possa concretamente passare in mano alla collettivit\u00e0 e tornare a vita nuova.<\/div>\n<\/div>\n<div dir=\"auto\">&nbsp;<\/div>\n<div dir=\"auto\">*<span class=\"d2edcug0 hpfvmrgz qv66sw1b c1et5uql lr9zc1uh a8c37x1j fe6kdd0r mau55g9w c8b282yb keod5gw0 nxhoafnm aigsh9s9 d3f4x2em iv3no6db jq4qci2q a3bd9o3v b1v8xokw oo9gr5id hzawbc8m\" dir=\"auto\">Accompagnano questo scritto il prospetto del castello nella piazza antica di Corsano in una foto del secolo scorso colorizzata dall&#8217;amico <span class=\"nc684nl6\">Sergio De Blasi<\/span>, alcune immagini degli interni, e il ritratto di Federico II con il falco dal suo trattato &#8220;De arte venandi cum avibus&#8221;.<\/span><\/div>\n<div dir=\"auto\">&nbsp;<\/div>\n<div dir=\"auto\"><em><strong>Salvatore Musio<\/strong><\/em><\/div>\n","protected":false},"excerpt":{"rendered":"<p>La recentissima notizia del Decreto ministeriale con cui il Dicastero della Cultura si \u00e8 espresso in modo favorevole sulla pubblica utilit\u00e0 dell&#8217;espropriazione del palazzo feudale di Corsano, imprimendo in tal modo un&#8217;accelerazione sull&#8217;iter dell&#8217;acquisizione pubblica, mi fornisce un comodo assist per accennare alle notizie antiche del castello del paese che era gi\u00e0 esistente durante la [&hellip;]<\/p>\n","protected":false},"author":3,"featured_media":0,"comment_status":"closed","ping_status":"closed","sticky":false,"template":"","format":"standard","meta":{"ngg_post_thumbnail":0},"categories":[5],"tags":[543,549,541,338,545,337,542,268,547,540,544,548,546,550],"aioseo_notices":[],"_links":{"self":[{"href":"http:\/\/lavocedicorsano.it\/index.php?rest_route=\/wp\/v2\/posts\/3350"}],"collection":[{"href":"http:\/\/lavocedicorsano.it\/index.php?rest_route=\/wp\/v2\/posts"}],"about":[{"href":"http:\/\/lavocedicorsano.it\/index.php?rest_route=\/wp\/v2\/types\/post"}],"author":[{"embeddable":true,"href":"http:\/\/lavocedicorsano.it\/index.php?rest_route=\/wp\/v2\/users\/3"}],"replies":[{"embeddable":true,"href":"http:\/\/lavocedicorsano.it\/index.php?rest_route=%2Fwp%2Fv2%2Fcomments&post=3350"}],"version-history":[{"count":4,"href":"http:\/\/lavocedicorsano.it\/index.php?rest_route=\/wp\/v2\/posts\/3350\/revisions"}],"predecessor-version":[{"id":3355,"href":"http:\/\/lavocedicorsano.it\/index.php?rest_route=\/wp\/v2\/posts\/3350\/revisions\/3355"}],"wp:attachment":[{"href":"http:\/\/lavocedicorsano.it\/index.php?rest_route=%2Fwp%2Fv2%2Fmedia&parent=3350"}],"wp:term":[{"taxonomy":"category","embeddable":true,"href":"http:\/\/lavocedicorsano.it\/index.php?rest_route=%2Fwp%2Fv2%2Fcategories&post=3350"},{"taxonomy":"post_tag","embeddable":true,"href":"http:\/\/lavocedicorsano.it\/index.php?rest_route=%2Fwp%2Fv2%2Ftags&post=3350"}],"curies":[{"name":"wp","href":"https:\/\/api.w.org\/{rel}","templated":true}]}}