{"id":3676,"date":"2025-10-31T13:53:38","date_gmt":"2025-10-31T12:53:38","guid":{"rendered":"http:\/\/lavocedicorsano.it\/?p=3676"},"modified":"2025-10-31T13:55:38","modified_gmt":"2025-10-31T12:55:38","slug":"3676","status":"publish","type":"post","link":"http:\/\/lavocedicorsano.it\/?p=3676","title":{"rendered":"La Voce di Corsano da 50 ANNI!"},"content":{"rendered":"<p><img loading=\"lazy\" class=\"aligncenter wp-image-3677\" src=\"http:\/\/lavocedicorsano.it\/wp-content\/uploads\/2025\/10\/LaVoce_50anni-762x1024.jpg\" alt=\"\" width=\"450\" height=\"605\" srcset=\"http:\/\/lavocedicorsano.it\/wp-content\/uploads\/2025\/10\/LaVoce_50anni-762x1024.jpg 762w, http:\/\/lavocedicorsano.it\/wp-content\/uploads\/2025\/10\/LaVoce_50anni-223x300.jpg 223w, http:\/\/lavocedicorsano.it\/wp-content\/uploads\/2025\/10\/LaVoce_50anni-768x1032.jpg 768w, http:\/\/lavocedicorsano.it\/wp-content\/uploads\/2025\/10\/LaVoce_50anni.jpg 1006w\" sizes=\"(max-width: 450px) 100vw, 450px\" \/><\/p>\n<p>&nbsp;<\/p>\n<p>Sono trascorsi \ud835\udfd3\ud835\udfce \ud835\udc1a\ud835\udc27\ud835\udc27\ud835\udc22 da quel 31 ottobre 1975.<br class=\"html-br\">Nel frattempo il paese si \u00e8 trasformato ed \u00e8 cambiata la societ\u00e0, sono mutati i costumi ed il contesto sociale.<br class=\"html-br\">\ud835\udc0b\ud835\udc1a \ud835\udc15\ud835\udc28\ud835\udc1c\ud835\udc1e \ud835\udc1d\ud835\udc22 \ud835\udc02\ud835\udc28\ud835\udc2b\ud835\udc2c\ud835\udc1a\ud835\udc27\ud835\udc28 c\u2019\u00e8 sempre stata, raccontando la cronaca e la storia di Corsano, passando dal ciclostile alla stampa a colori, dal solo cartaceo alle versioni in digitale e approdando sui social per essere letta in ogni luogo e da chiunque.<\/p>\n<p>Per questo importante compleanno daremo vita non solo ad un \ud835\udc27\ud835\udc2e\ud835\udc26\ud835\udc1e\ud835\udc2b\ud835\udc28 \ud835\udc29\ud835\udc1a\ud835\udc2b\ud835\udc2d\ud835\udc22\ud835\udc1c\ud835\udc28\ud835\udc25\ud835\udc1a\ud835\udc2b\ud835\udc1e in distribuzione il 1\u00b0 gennaio, ma anche ad un \ud835\udc1e\ud835\udc2f\ud835\udc1e\ud835\udc27\ud835\udc2d\ud835\udc28 \ud835\udc2c\ud835\udc29\ud835\udc1e\ud835\udc1c\ud835\udc22\ud835\udc1a\ud835\udc25\ud835\udc1e di cui vi sveleremo data e informazioni a breve.<br class=\"html-br\">State connessi per scoprire i dettagli<\/p>\n","protected":false},"excerpt":{"rendered":"<p>&nbsp; Sono trascorsi \ud835\udfd3\ud835\udfce \ud835\udc1a\ud835\udc27\ud835\udc27\ud835\udc22 da quel 31 ottobre 1975.Nel frattempo il paese si \u00e8 trasformato ed \u00e8 cambiata la societ\u00e0, sono mutati i costumi ed il contesto sociale.\ud835\udc0b\ud835\udc1a \ud835\udc15\ud835\udc28\ud835\udc1c\ud835\udc1e \ud835\udc1d\ud835\udc22 \ud835\udc02\ud835\udc28\ud835\udc2b\ud835\udc2c\ud835\udc1a\ud835\udc27\ud835\udc28 c\u2019\u00e8 sempre stata, raccontando la cronaca e la storia di Corsano, passando dal ciclostile alla stampa a colori, dal solo cartaceo alle versioni [&hellip;]<\/p>\n","protected":false},"author":3,"featured_media":0,"comment_status":"closed","ping_status":"closed","sticky":false,"template":"","format":"standard","meta":{"ngg_post_thumbnail":0},"categories":[4],"tags":[668,669,338,345],"aioseo_notices":[],"_links":{"self":[{"href":"http:\/\/lavocedicorsano.it\/index.php?rest_route=\/wp\/v2\/posts\/3676"}],"collection":[{"href":"http:\/\/lavocedicorsano.it\/index.php?rest_route=\/wp\/v2\/posts"}],"about":[{"href":"http:\/\/lavocedicorsano.it\/index.php?rest_route=\/wp\/v2\/types\/post"}],"author":[{"embeddable":true,"href":"http:\/\/lavocedicorsano.it\/index.php?rest_route=\/wp\/v2\/users\/3"}],"replies":[{"embeddable":true,"href":"http:\/\/lavocedicorsano.it\/index.php?rest_route=%2Fwp%2Fv2%2Fcomments&post=3676"}],"version-history":[{"count":5,"href":"http:\/\/lavocedicorsano.it\/index.php?rest_route=\/wp\/v2\/posts\/3676\/revisions"}],"predecessor-version":[{"id":3682,"href":"http:\/\/lavocedicorsano.it\/index.php?rest_route=\/wp\/v2\/posts\/3676\/revisions\/3682"}],"wp:attachment":[{"href":"http:\/\/lavocedicorsano.it\/index.php?rest_route=%2Fwp%2Fv2%2Fmedia&parent=3676"}],"wp:term":[{"taxonomy":"category","embeddable":true,"href":"http:\/\/lavocedicorsano.it\/index.php?rest_route=%2Fwp%2Fv2%2Fcategories&post=3676"},{"taxonomy":"post_tag","embeddable":true,"href":"http:\/\/lavocedicorsano.it\/index.php?rest_route=%2Fwp%2Fv2%2Ftags&post=3676"}],"curies":[{"name":"wp","href":"https:\/\/api.w.org\/{rel}","templated":true}]}}